{"id":6816,"date":"2024-01-15T13:34:20","date_gmt":"2024-01-15T12:34:20","guid":{"rendered":"https:\/\/vara-bjertorpgk.se\/?p=6816"},"modified":"2024-01-15T13:36:36","modified_gmt":"2024-01-15T12:36:36","slug":"hanna-tackar-for-sig","status":"publish","type":"post","link":"https:\/\/vara-bjertorpgk.se\/?p=6816","title":{"rendered":"Hanna tackar f\u00f6r sig"},"content":{"rendered":"\t\t<div data-elementor-type=\"wp-post\" data-elementor-id=\"6816\" class=\"elementor elementor-6816\">\n\t\t\t\t\t\t<section class=\"elementor-section elementor-top-section elementor-element elementor-element-43d0ec1 elementor-section-boxed elementor-section-height-default elementor-section-height-default\" data-id=\"43d0ec1\" data-element_type=\"section\">\n\t\t\t\t\t\t<div class=\"elementor-container elementor-column-gap-default\">\n\t\t\t\t\t<div class=\"elementor-column elementor-col-50 elementor-top-column elementor-element elementor-element-7b45dd1\" data-id=\"7b45dd1\" data-element_type=\"column\">\n\t\t\t<div class=\"elementor-widget-wrap elementor-element-populated\">\n\t\t\t\t\t\t<div class=\"elementor-element elementor-element-b89def1 elementor-widget elementor-widget-text-editor\" data-id=\"b89def1\" data-element_type=\"widget\" data-widget_type=\"text-editor.default\">\n\t\t\t\t<div class=\"elementor-widget-container\">\n\t\t\t<style>\/*! elementor - v3.21.0 - 30-04-2024 *\/\n.elementor-widget-text-editor.elementor-drop-cap-view-stacked .elementor-drop-cap{background-color:#69727d;color:#fff}.elementor-widget-text-editor.elementor-drop-cap-view-framed .elementor-drop-cap{color:#69727d;border:3px solid;background-color:transparent}.elementor-widget-text-editor:not(.elementor-drop-cap-view-default) .elementor-drop-cap{margin-top:8px}.elementor-widget-text-editor:not(.elementor-drop-cap-view-default) .elementor-drop-cap-letter{width:1em;height:1em}.elementor-widget-text-editor .elementor-drop-cap{float:left;text-align:center;line-height:1;font-size:50px}.elementor-widget-text-editor .elementor-drop-cap-letter{display:inline-block}<\/style>\t\t\t\t<p class=\"MsoNormal\"><span style=\"font-size: 12pt; line-height: 115%; font-family: Montserrat; color: #393939; background-image: initial; background-position: initial; background-size: initial; background-repeat: initial; background-attachment: initial; background-origin: initial; background-clip: initial;\">Hanna Thors\u00e9n har p\u00e5 egen beg\u00e4ran sagt upp sin tj\u00e4nst p\u00e5 Vara-Bjertorp GK. Hanna har varit verksam inom klubben i m\u00e5nga \u00e5r, dels som klubbchef samt \u00f6vriga uppgifter.<\/span><span style=\"font-size: 12.0pt; line-height: 115%; font-family: Montserrat; mso-bidi-font-family: Arial; color: #393939;\"><br \/><span style=\"background-image: initial; background-position: initial; background-size: initial; background-repeat: initial; background-attachment: initial; background-origin: initial; background-clip: initial;\">&#8221;Det \u00e4r tr\u00e5kigt att vi nu tappar en god medarbetare med erfarenhet inom klubben, som i m\u00e5nga \u00e5r gjort ett mycket bra jobb samtidigt vill vi tacka Hanna f\u00f6r sitt arbete och till\u00f6nska henne lycka i sitt nya arbete s\u00e4ger Per-Olof Jakobsson&#8221;<\/span><br \/><span style=\"background-image: initial; background-position: initial; background-size: initial; background-repeat: initial; background-attachment: initial; background-origin: initial; background-clip: initial;\">Hanna kommer jobba kvar under sin upps\u00e4gningstid.<\/span><br \/><span style=\"background-image: initial; background-position: initial; background-size: initial; background-repeat: initial; background-attachment: initial; background-origin: initial; background-clip: initial;\">&#8221;Eftersom jag f\u00e5r mer ordnad arbetstid samt att min fritid kommer bli l\u00e4ttare att planera vill jag prova denna utmaning, s\u00e4ger Hanna. Jag har trivts otroligt bra med medlemmarna, personal och styrelse varf\u00f6r detta varit ett sv\u00e5rt steg att ta, men ser detta som en m\u00f6jlighet som jag inte vill missa s\u00e4ger Hanna.&#8221;<\/span><\/span><\/p><p><span style=\"background-image: initial; background-position: initial; background-size: initial; background-repeat: initial; background-attachment: initial; background-origin: initial; background-clip: initial;\">Styrelsen kommer p\u00e5b\u00f6rja arbete med organisation f\u00f6r framtiden omg\u00e5ende och \u00e5terkommer med mer information i fr\u00e5gan.\u00a0<\/span><\/p><p><span style=\"background-image: initial; background-position: initial; background-size: initial; background-repeat: initial; background-attachment: initial; background-origin: initial; background-clip: initial;\">Vid ev. fr\u00e5gor kontakta ordf\u00f6rande Per-Olof Jakobsson<\/span><\/p><p><span style=\"background-image: initial; background-position: initial; background-size: initial; background-repeat: initial; background-attachment: initial; background-origin: initial; background-clip: initial;\">Bjertorp 2024-01-11 Styrelsen f\u00f6r Vara-Bjertorp Golfklubb<\/span><\/p>\t\t\t\t\t\t<\/div>\n\t\t\t\t<\/div>\n\t\t\t\t\t<\/div>\n\t\t<\/div>\n\t\t\t\t<div class=\"elementor-column elementor-col-50 elementor-top-column elementor-element elementor-element-ba519b0\" data-id=\"ba519b0\" data-element_type=\"column\">\n\t\t\t<div class=\"elementor-widget-wrap elementor-element-populated\">\n\t\t\t\t\t\t<div class=\"elementor-element elementor-element-40e6bf9 elementor-widget elementor-widget-text-editor\" data-id=\"40e6bf9\" data-element_type=\"widget\" data-widget_type=\"text-editor.default\">\n\t\t\t\t<div class=\"elementor-widget-container\">\n\t\t\t\t\t\t\t<p class=\"MsoNormal\"><span style=\"font-size: 12.0pt; mso-bidi-font-size: 11.0pt; line-height: 115%; font-family: Montserrat;\">Efter m\u00e5nga \u00e5r som anst\u00e4lld p\u00e5 klubben har jag tagit beslutet att avsluta min anst\u00e4llning och g\u00e5 vidare mot nya utmaningar. Jag har haft v\u00e4ldigt m\u00e5nga fina \u00e5r p\u00e5 klubben och ni har varit m\u00e5nga som har bidragit till dessa fina \u00e5r, b\u00e5de medlemmar, personal och styrelser. Men nu g\u00e5r jag som sagt vidare mot nya utmaningar och det som kansliansvarig p\u00e5 Sk\u00f6vde GK.<\/span><\/p><p class=\"MsoNormal\"><span style=\"font-size: 12.0pt; mso-bidi-font-size: 11.0pt; line-height: 115%; font-family: Montserrat;\">S\u00e5 jag vill rikta ett stort TACK till alla er som jag haft f\u00f6rm\u00e5nen att komma i kontakt med under alla dessa \u00e5r p\u00e5 klubben, TACK! <br \/>Det har blivit m\u00e5nga roliga minnen som jag tar med mig.<\/span><\/p><p>\u00a0<\/p><p class=\"MsoNormal\"><span style=\"font-size: 12.0pt; mso-bidi-font-size: 11.0pt; line-height: 115%; font-family: Montserrat;\">Ha de gott!<br \/><i>Hanna<\/i><\/span><\/p>\t\t\t\t\t\t<\/div>\n\t\t\t\t<\/div>\n\t\t\t\t\t<\/div>\n\t\t<\/div>\n\t\t\t\t\t<\/div>\n\t\t<\/section>\n\t\t\t\t<\/div>\n\t\t","protected":false},"excerpt":{"rendered":"<p>Hanna Thors\u00e9n har p\u00e5 egen beg\u00e4ran sagt upp sin tj\u00e4nst p\u00e5 Vara-Bjertorp GK. Hanna har varit verksam inom klubben i m\u00e5nga \u00e5r, dels som klubbchef samt \u00f6vriga uppgifter.&#8221;Det \u00e4r tr\u00e5kigt att vi nu tappar en god medarbetare med erfarenhet inom klubben, som i m\u00e5nga \u00e5r gjort ett mycket bra jobb samtidigt vill vi tacka Hanna &hellip;<\/p>\n<p class=\"read-more\"> <a class=\"\" href=\"https:\/\/vara-bjertorpgk.se\/?p=6816\"> <span class=\"screen-reader-text\">Hanna tackar f\u00f6r sig<\/span> L\u00e4s mer &raquo;<\/a><\/p>\n","protected":false},"author":1,"featured_media":0,"comment_status":"closed","ping_status":"open","sticky":false,"template":"","format":"standard","meta":{"site-sidebar-layout":"default","site-content-layout":"default","ast-main-header-display":"","ast-hfb-above-header-display":"","ast-hfb-below-header-display":"","ast-hfb-mobile-header-display":"","site-post-title":"","ast-breadcrumbs-content":"","ast-featured-img":"","footer-sml-layout":"","theme-transparent-header-meta":"","adv-header-id-meta":"","stick-header-meta":"","header-above-stick-meta":"","header-main-stick-meta":"","header-below-stick-meta":"","footnotes":""},"categories":[10],"tags":[],"class_list":["post-6816","post","type-post","status-publish","format-standard","hentry","category-aktuellt"],"_links":{"self":[{"href":"https:\/\/vara-bjertorpgk.se\/index.php?rest_route=\/wp\/v2\/posts\/6816","targetHints":{"allow":["GET"]}}],"collection":[{"href":"https:\/\/vara-bjertorpgk.se\/index.php?rest_route=\/wp\/v2\/posts"}],"about":[{"href":"https:\/\/vara-bjertorpgk.se\/index.php?rest_route=\/wp\/v2\/types\/post"}],"author":[{"embeddable":true,"href":"https:\/\/vara-bjertorpgk.se\/index.php?rest_route=\/wp\/v2\/users\/1"}],"replies":[{"embeddable":true,"href":"https:\/\/vara-bjertorpgk.se\/index.php?rest_route=%2Fwp%2Fv2%2Fcomments&post=6816"}],"version-history":[{"count":4,"href":"https:\/\/vara-bjertorpgk.se\/index.php?rest_route=\/wp\/v2\/posts\/6816\/revisions"}],"predecessor-version":[{"id":6820,"href":"https:\/\/vara-bjertorpgk.se\/index.php?rest_route=\/wp\/v2\/posts\/6816\/revisions\/6820"}],"wp:attachment":[{"href":"https:\/\/vara-bjertorpgk.se\/index.php?rest_route=%2Fwp%2Fv2%2Fmedia&parent=6816"}],"wp:term":[{"taxonomy":"category","embeddable":true,"href":"https:\/\/vara-bjertorpgk.se\/index.php?rest_route=%2Fwp%2Fv2%2Fcategories&post=6816"},{"taxonomy":"post_tag","embeddable":true,"href":"https:\/\/vara-bjertorpgk.se\/index.php?rest_route=%2Fwp%2Fv2%2Ftags&post=6816"}],"curies":[{"name":"wp","href":"https:\/\/api.w.org\/{rel}","templated":true}]}}