{"id":5071,"date":"2023-04-21T11:51:54","date_gmt":"2023-04-21T09:51:54","guid":{"rendered":"https:\/\/vara-bjertorpgk.se\/?p=5071"},"modified":"2023-04-21T11:53:43","modified_gmt":"2023-04-21T09:53:43","slug":"arsmotet-18-april","status":"publish","type":"post","link":"http:\/\/vara-bjertorpgk.se\/?p=5071","title":{"rendered":"\u00c5rsm\u00f6tet 18 april"},"content":{"rendered":"\t\t<div data-elementor-type=\"wp-post\" data-elementor-id=\"5071\" class=\"elementor elementor-5071\">\n\t\t\t\t\t\t<section class=\"elementor-section elementor-top-section elementor-element elementor-element-4711268 elementor-section-boxed elementor-section-height-default elementor-section-height-default\" data-id=\"4711268\" data-element_type=\"section\">\n\t\t\t\t\t\t<div class=\"elementor-container elementor-column-gap-default\">\n\t\t\t\t\t<div class=\"elementor-column elementor-col-100 elementor-top-column elementor-element elementor-element-e2311b3\" data-id=\"e2311b3\" data-element_type=\"column\">\n\t\t\t<div class=\"elementor-widget-wrap elementor-element-populated\">\n\t\t\t\t\t\t<div class=\"elementor-element elementor-element-6454458 elementor-widget elementor-widget-text-editor\" data-id=\"6454458\" data-element_type=\"widget\" data-widget_type=\"text-editor.default\">\n\t\t\t\t<div class=\"elementor-widget-container\">\n\t\t\t<style>\/*! elementor - v3.21.0 - 30-04-2024 *\/\n.elementor-widget-text-editor.elementor-drop-cap-view-stacked .elementor-drop-cap{background-color:#69727d;color:#fff}.elementor-widget-text-editor.elementor-drop-cap-view-framed .elementor-drop-cap{color:#69727d;border:3px solid;background-color:transparent}.elementor-widget-text-editor:not(.elementor-drop-cap-view-default) .elementor-drop-cap{margin-top:8px}.elementor-widget-text-editor:not(.elementor-drop-cap-view-default) .elementor-drop-cap-letter{width:1em;height:1em}.elementor-widget-text-editor .elementor-drop-cap{float:left;text-align:center;line-height:1;font-size:50px}.elementor-widget-text-editor .elementor-drop-cap-letter{display:inline-block}<\/style>\t\t\t\t<p class=\"v1p1\" style=\"margin-bottom: 0px; font-family: Barlow, sans-serif; font-style: normal; font-weight: 400; font-stretch: normal; font-size: medium; line-height: normal; caret-color: #000000; color: #000000; text-size-adjust: auto;\"><span class=\"v1s1\" style=\"font-size: 16px;\">I tisdags den 18 april genomf\u00f6rdes \u00e5rsm\u00f6tet p\u00e5 Bjertorp Slott. Ett 40 tal medlemmar var p\u00e5 plats.<\/span><\/p>\n<p class=\"v1p2\" style=\"margin-bottom: 0px; font-family: Barlow, sans-serif; font-style: normal; font-weight: 400; font-stretch: normal; font-size: medium; line-height: normal; min-height: 21px; caret-color: #000000; color: #000000; text-size-adjust: auto;\">\n<\/p><p class=\"v1p1\" style=\"margin-bottom: 0px; font-family: Barlow, sans-serif; font-style: normal; font-weight: 400; font-stretch: normal; font-size: medium; line-height: normal; caret-color: #000000; color: #000000; text-size-adjust: auto;\"><span class=\"v1s1\" style=\"font-size: 16px;\">V\u00e5r ordf\u00f6rande Per-Olof Jakobsson h\u00e4lsade alla v\u00e4lkomna och \u00f6ppnade m\u00f6tet. D\u00e4r efter valdes Bengt Hedenstr\u00f6m till m\u00f6tesordf\u00f6rande och Kerstin Isaksson till sekreterare.<\/span><\/p>\n<p class=\"v1p2\" style=\"margin-bottom: 0px; font-family: Barlow, sans-serif; font-style: normal; font-weight: 400; font-stretch: normal; font-size: medium; line-height: normal; min-height: 21px; caret-color: #000000; color: #000000; text-size-adjust: auto;\">\n<\/p><p class=\"v1p1\" style=\"margin-bottom: 0px; font-family: Barlow, sans-serif; font-style: normal; font-weight: 400; font-stretch: normal; font-size: medium; line-height: normal; caret-color: #000000; color: #000000; text-size-adjust: auto;\"><span class=\"v1s1\" style=\"font-size: 16px;\">Till protokolljusterare valdes Ann-Britt Martinsson och Niklas Augustsson.<\/span><\/p>\n<p class=\"v1p2\" style=\"margin-bottom: 0px; font-family: Barlow, sans-serif; font-style: normal; font-weight: 400; font-stretch: normal; font-size: medium; line-height: normal; min-height: 21px; caret-color: #000000; color: #000000; text-size-adjust: auto;\">\n<\/p><p class=\"v1p1\" style=\"margin-bottom: 0px; font-family: Barlow, sans-serif; font-style: normal; font-weight: 400; font-stretch: normal; font-size: medium; line-height: normal; caret-color: #000000; color: #000000; text-size-adjust: auto;\"><span class=\"v1s1\" style=\"font-size: 16px;\">Anna Ehn (revisor) gick igenom ekonomi och<\/span><\/p>\n<p class=\"v1p1\" style=\"margin-bottom: 0px; font-family: Barlow, sans-serif; font-style: normal; font-weight: 400; font-stretch: normal; font-size: medium; line-height: normal; caret-color: #000000; color: #000000; text-size-adjust: auto;\"><span class=\"v1s1\" style=\"font-size: 16px;\">en av v\u00e5ra tv\u00e5 klubbrevisorer Stefan Johansson l\u00e4ste revisionsber\u00e4ttelsen.<\/span><\/p>\n<p class=\"v1p1\" style=\"margin-bottom: 0px; font-family: Barlow, sans-serif; font-style: normal; font-weight: 400; font-stretch: normal; font-size: medium; line-height: normal; caret-color: #000000; color: #000000; text-size-adjust: auto;\"><span class=\"v1s1\" style=\"font-size: 16px;\">Styrelsen fick ansvarsfrihet och&nbsp;<\/span><span style=\"font-size: 16px; background-color: var(--ast-global-color-5);\">Verksamhetsber\u00e4ttelsen f\u00f6r 2022 l\u00e4stes upp och verksamhetsplanen f\u00f6r 2023 fick medlemmarna l\u00e4sa sj\u00e4lva.<\/span><\/p>\n<p class=\"v1p2\" style=\"margin-bottom: 0px; font-family: Barlow, sans-serif; font-style: normal; font-weight: 400; font-stretch: normal; font-size: medium; line-height: normal; min-height: 21px; caret-color: #000000; color: #000000; text-size-adjust: auto;\">\n<\/p><p class=\"v1p1\" style=\"margin-bottom: 0px; font-family: Barlow, sans-serif; font-style: normal; font-weight: 400; font-stretch: normal; font-size: medium; line-height: normal; caret-color: #000000; color: #000000; text-size-adjust: auto;\"><span class=\"v1s1\" style=\"font-size: 16px;\">D\u00e5 styrelsen har m\u00e5nga projekt p\u00e5 g\u00e5ng, gick&nbsp;<\/span><span style=\"font-size: 16px; background-color: var(--ast-global-color-5);\">Per-Olof igenom planerna och finansiering av dessa projekt. Efter det fick medlemmarna st\u00e4lla fr\u00e5gor. Sedan r\u00f6stades det om projekten ska genomf\u00f6ras. Ett rungande ja blev svaret och nu f\u00e5r styrelsen i uppgift att se till s\u00e5 projekten blir verklighet.<\/span><\/p>\n<p class=\"v1p2\" style=\"margin-bottom: 0px; font-family: Barlow, sans-serif; font-style: normal; font-weight: 400; font-stretch: normal; font-size: medium; line-height: normal; min-height: 21px; caret-color: #000000; color: #000000; text-size-adjust: auto;\">\n<\/p><p class=\"v1p1\" style=\"margin-bottom: 0px; font-family: Barlow, sans-serif; font-style: normal; font-weight: 400; font-stretch: normal; font-size: medium; line-height: normal; caret-color: #000000; color: #000000; text-size-adjust: auto;\"><span class=\"v1s1\" style=\"font-size: 16px;\">Efter det var det s\u00e5 dags f\u00f6r valberedningen att komma med deras f\u00f6rslag.<\/span><\/p>\n<p class=\"v1p1\" style=\"margin-bottom: 0px; font-family: Barlow, sans-serif; font-style: normal; font-weight: 400; font-stretch: normal; font-size: medium; line-height: normal; caret-color: #000000; color: #000000; text-size-adjust: auto;\"><span class=\"v1s1\" style=\"font-size: 16px;\">Per-Olof Jakobsson omvaldes till klubben ordf\u00f6rande.<\/span><\/p>\n<p class=\"v1p1\" style=\"margin-bottom: 0px; font-family: Barlow, sans-serif; font-style: normal; font-weight: 400; font-stretch: normal; font-size: medium; line-height: normal; caret-color: #000000; color: #000000; text-size-adjust: auto;\"><span class=\"v1s1\" style=\"font-size: 16px;\">Karl-Olof Johansson och Roger Str\u00f6mberg hade avb\u00f6jt omval. H\u00e4r valdes Carl Elfstrand in som ledamot och Andreas Jeraeus som suppleant.<\/span><\/p>\n<p class=\"v1p1\" style=\"margin-bottom: 0px; font-family: Barlow, sans-serif; font-style: normal; font-weight: 400; font-stretch: normal; font-size: medium; line-height: normal; caret-color: #000000; color: #000000; text-size-adjust: auto;\"><span class=\"v1s1\" style=\"font-size: 16px;\">Till ny klubbrevisor efter Stefan Johansson valdes Gunnilla Skarin.<\/span><\/p>\n<p class=\"v1p2\" style=\"margin-bottom: 0px; font-family: Barlow, sans-serif; font-style: normal; font-weight: 400; font-stretch: normal; font-size: medium; line-height: normal; min-height: 21px; caret-color: #000000; color: #000000; text-size-adjust: auto;\">\n<\/p><p class=\"v1p1\" style=\"margin-bottom: 0px; font-family: Barlow, sans-serif; font-style: normal; font-weight: 400; font-stretch: normal; font-size: medium; line-height: normal; caret-color: #000000; color: #000000; text-size-adjust: auto;\"><span class=\"v1s1\" style=\"font-size: 16px;\">Medlemmarna fick ocks\u00e5 en tillbaka blick av lite som h\u00e4nt 2022 och endel vad som kommer 2023.<\/span><\/p>\n<p class=\"v1p2\" style=\"margin-bottom: 0px; font-family: Barlow, sans-serif; font-style: normal; font-weight: 400; font-stretch: normal; font-size: medium; line-height: normal; min-height: 21px; caret-color: #000000; color: #000000; text-size-adjust: auto;\">\n<\/p><p class=\"v1p1\" style=\"margin-bottom: 0px; font-family: Barlow, sans-serif; font-style: normal; font-weight: 400; font-stretch: normal; font-size: medium; line-height: normal; caret-color: #000000; color: #000000; text-size-adjust: auto;\"><span class=\"v1s1\" style=\"font-size: 16px;\">Vi hade ocks\u00e5 dragning i v\u00e5rt medlemslotteri och den lyckliga vinnaren blev Sune Ljunggren, grattis!<\/span><\/p>\n<p class=\"v1p2\" style=\"margin-bottom: 0px; font-family: Barlow, sans-serif; font-style: normal; font-weight: 400; font-stretch: normal; font-size: medium; line-height: normal; min-height: 21px; caret-color: #000000; color: #000000; text-size-adjust: auto;\">\n<\/p><p class=\"v1p1\" style=\"margin-bottom: 0px; font-family: Barlow, sans-serif; font-style: normal; font-weight: 400; font-stretch: normal; font-size: medium; line-height: normal; caret-color: #000000; color: #000000; text-size-adjust: auto;\"><span class=\"v1s1\" style=\"font-size: 16px;\">N\u00e4r m\u00f6tet n\u00e4rmade sig sitt slut var det n\u00e5gra avtackningar som skulle g\u00f6ras.<\/span><\/p>\n<p class=\"v1p2\" style=\"margin-bottom: 0px; font-family: Barlow, sans-serif; font-style: normal; font-weight: 400; font-stretch: normal; font-size: medium; line-height: normal; min-height: 21px; caret-color: #000000; color: #000000; text-size-adjust: auto;\">\n<\/p><p class=\"v1p1\" style=\"margin-bottom: 0px; font-family: Barlow, sans-serif; font-style: normal; font-weight: 400; font-stretch: normal; font-size: medium; line-height: normal; caret-color: #000000; color: #000000; text-size-adjust: auto;\"><span class=\"v1s1\" style=\"font-size: 16px;\">Karl-Olof Johansson och Roger Str\u00f6mberg avtackades f\u00f6r sin tid i styrelsen. Stefan Johansson tackade f\u00f6r sig efter m\u00e5nga \u00e5r som klubbrevisor.<\/span><\/p>\n<p class=\"v1p2\" style=\"margin-bottom: 0px; font-family: Barlow, sans-serif; font-style: normal; font-weight: 400; font-stretch: normal; font-size: medium; line-height: normal; min-height: 21px; caret-color: #000000; color: #000000; text-size-adjust: auto;\">\n<\/p><p class=\"v1p1\" style=\"margin-bottom: 0px; font-family: Barlow, sans-serif; font-style: normal; font-weight: 400; font-stretch: normal; font-size: medium; line-height: normal; caret-color: #000000; color: #000000; text-size-adjust: auto;\"><span class=\"v1s1\" style=\"font-size: 16px;\">D\u00e5 Andreas Jeraeus gick in i styrelsen fattas det ett namn i valberedningen. Dom f\u00f6r i uppgift att tills\u00e4tta den platsen p\u00e5 H\u00f6st\u00e5rsm\u00f6tet.&nbsp;<\/span><\/p>\n<p class=\"v1p2\" style=\"margin-bottom: 0px; font-family: Barlow, sans-serif; font-style: normal; font-weight: 400; font-stretch: normal; font-size: medium; line-height: normal; min-height: 21px; caret-color: #000000; color: #000000; text-size-adjust: auto;\">\n<\/p><p class=\"v1p1\" style=\"margin-bottom: 0px; font-family: Barlow, sans-serif; font-style: normal; font-weight: 400; font-stretch: normal; font-size: medium; line-height: normal; caret-color: #000000; color: #000000; text-size-adjust: auto;\"><span class=\"v1s1\" style=\"font-size: 16px;\">Bengt avslutade m\u00f6tet och l\u00e4mnade \u00e5ter \u00f6ver till Per-Olof som tackade f\u00f6r f\u00f6rtroendet f\u00f6r ytterligare ett \u00e5r som ordf\u00f6rande och meddelade att fikat var uppdukat.<\/span><\/p>\n<div><span class=\"v1s1\" style=\"font-size: 16px;\">&nbsp;<\/span><\/div>\t\t\t\t\t\t<\/div>\n\t\t\t\t<\/div>\n\t\t\t\t\t<\/div>\n\t\t<\/div>\n\t\t\t\t\t<\/div>\n\t\t<\/section>\n\t\t\t\t<section class=\"elementor-section elementor-top-section elementor-element elementor-element-f13a9f7 elementor-section-boxed elementor-section-height-default elementor-section-height-default\" data-id=\"f13a9f7\" data-element_type=\"section\">\n\t\t\t\t\t\t<div class=\"elementor-container elementor-column-gap-default\">\n\t\t\t\t\t<div class=\"elementor-column elementor-col-50 elementor-top-column elementor-element elementor-element-a1e4046\" data-id=\"a1e4046\" data-element_type=\"column\">\n\t\t\t<div class=\"elementor-widget-wrap elementor-element-populated\">\n\t\t\t\t\t\t<div class=\"elementor-element elementor-element-939dab7 elementor-widget elementor-widget-image\" data-id=\"939dab7\" data-element_type=\"widget\" data-widget_type=\"image.default\">\n\t\t\t\t<div class=\"elementor-widget-container\">\n\t\t\t<style>\/*! elementor - v3.21.0 - 30-04-2024 *\/\n.elementor-widget-image{text-align:center}.elementor-widget-image a{display:inline-block}.elementor-widget-image a img[src$=\".svg\"]{width:48px}.elementor-widget-image img{vertical-align:middle;display:inline-block}<\/style>\t\t\t\t\t\t\t\t\t\t<img fetchpriority=\"high\" decoding=\"async\" width=\"1024\" height=\"1024\" src=\"http:\/\/vara-bjertorpgk.se\/wp-content\/uploads\/2023\/04\/POJ-arsmote-20230418-1024x1024.jpg\" class=\"attachment-large size-large wp-image-5073\" alt=\"\" srcset=\"http:\/\/vara-bjertorpgk.se\/wp-content\/uploads\/2023\/04\/POJ-arsmote-20230418-1024x1024.jpg 1024w, http:\/\/vara-bjertorpgk.se\/wp-content\/uploads\/2023\/04\/POJ-arsmote-20230418-300x300.jpg 300w, http:\/\/vara-bjertorpgk.se\/wp-content\/uploads\/2023\/04\/POJ-arsmote-20230418-150x150.jpg 150w, http:\/\/vara-bjertorpgk.se\/wp-content\/uploads\/2023\/04\/POJ-arsmote-20230418-768x768.jpg 768w, http:\/\/vara-bjertorpgk.se\/wp-content\/uploads\/2023\/04\/POJ-arsmote-20230418-1536x1536.jpg 1536w, http:\/\/vara-bjertorpgk.se\/wp-content\/uploads\/2023\/04\/POJ-arsmote-20230418-2048x2048.jpg 2048w\" sizes=\"(max-width: 1024px) 100vw, 1024px\" \/>\t\t\t\t\t\t\t\t\t\t\t\t\t<\/div>\n\t\t\t\t<\/div>\n\t\t\t\t\t<\/div>\n\t\t<\/div>\n\t\t\t\t<div class=\"elementor-column elementor-col-50 elementor-top-column elementor-element elementor-element-f35c374\" data-id=\"f35c374\" data-element_type=\"column\">\n\t\t\t<div class=\"elementor-widget-wrap elementor-element-populated\">\n\t\t\t\t\t\t<div class=\"elementor-element elementor-element-450f872 elementor-widget elementor-widget-image\" data-id=\"450f872\" data-element_type=\"widget\" data-widget_type=\"image.default\">\n\t\t\t\t<div class=\"elementor-widget-container\">\n\t\t\t\t\t\t\t\t\t\t\t\t\t<img decoding=\"async\" width=\"1024\" height=\"675\" src=\"http:\/\/vara-bjertorpgk.se\/wp-content\/uploads\/2023\/04\/Anna-E-Arsmote-20230418-1024x675.jpg\" class=\"attachment-large size-large wp-image-5074\" alt=\"\" srcset=\"http:\/\/vara-bjertorpgk.se\/wp-content\/uploads\/2023\/04\/Anna-E-Arsmote-20230418-1024x675.jpg 1024w, http:\/\/vara-bjertorpgk.se\/wp-content\/uploads\/2023\/04\/Anna-E-Arsmote-20230418-300x198.jpg 300w, http:\/\/vara-bjertorpgk.se\/wp-content\/uploads\/2023\/04\/Anna-E-Arsmote-20230418-768x506.jpg 768w, http:\/\/vara-bjertorpgk.se\/wp-content\/uploads\/2023\/04\/Anna-E-Arsmote-20230418-1536x1012.jpg 1536w, http:\/\/vara-bjertorpgk.se\/wp-content\/uploads\/2023\/04\/Anna-E-Arsmote-20230418-2048x1350.jpg 2048w\" sizes=\"(max-width: 1024px) 100vw, 1024px\" \/>\t\t\t\t\t\t\t\t\t\t\t\t\t<\/div>\n\t\t\t\t<\/div>\n\t\t\t\t\t<\/div>\n\t\t<\/div>\n\t\t\t\t\t<\/div>\n\t\t<\/section>\n\t\t\t\t<\/div>\n\t\t","protected":false},"excerpt":{"rendered":"<p>I tisdags den 18 april genomf\u00f6rdes \u00e5rsm\u00f6tet p\u00e5 Bjertorp Slott. Ett 40 tal medlemmar var p\u00e5 plats. V\u00e5r ordf\u00f6rande Per-Olof Jakobsson h\u00e4lsade alla v\u00e4lkomna och \u00f6ppnade m\u00f6tet. D\u00e4r efter valdes Bengt Hedenstr\u00f6m till m\u00f6tesordf\u00f6rande och Kerstin Isaksson till sekreterare. Till protokolljusterare valdes Ann-Britt Martinsson och Niklas Augustsson. Anna Ehn (revisor) gick igenom ekonomi och en &hellip;<\/p>\n<p class=\"read-more\"> <a class=\"\" href=\"http:\/\/vara-bjertorpgk.se\/?p=5071\"> <span class=\"screen-reader-text\">\u00c5rsm\u00f6tet 18 april<\/span> L\u00e4s mer &raquo;<\/a><\/p>\n","protected":false},"author":1,"featured_media":0,"comment_status":"closed","ping_status":"open","sticky":false,"template":"","format":"standard","meta":{"site-sidebar-layout":"default","site-content-layout":"default","ast-main-header-display":"","ast-hfb-above-header-display":"","ast-hfb-below-header-display":"","ast-hfb-mobile-header-display":"","site-post-title":"","ast-breadcrumbs-content":"","ast-featured-img":"","footer-sml-layout":"","theme-transparent-header-meta":"","adv-header-id-meta":"","stick-header-meta":"","header-above-stick-meta":"","header-main-stick-meta":"","header-below-stick-meta":"","footnotes":""},"categories":[10],"tags":[],"class_list":["post-5071","post","type-post","status-publish","format-standard","hentry","category-aktuellt"],"_links":{"self":[{"href":"http:\/\/vara-bjertorpgk.se\/index.php?rest_route=\/wp\/v2\/posts\/5071","targetHints":{"allow":["GET"]}}],"collection":[{"href":"http:\/\/vara-bjertorpgk.se\/index.php?rest_route=\/wp\/v2\/posts"}],"about":[{"href":"http:\/\/vara-bjertorpgk.se\/index.php?rest_route=\/wp\/v2\/types\/post"}],"author":[{"embeddable":true,"href":"http:\/\/vara-bjertorpgk.se\/index.php?rest_route=\/wp\/v2\/users\/1"}],"replies":[{"embeddable":true,"href":"http:\/\/vara-bjertorpgk.se\/index.php?rest_route=%2Fwp%2Fv2%2Fcomments&post=5071"}],"version-history":[{"count":4,"href":"http:\/\/vara-bjertorpgk.se\/index.php?rest_route=\/wp\/v2\/posts\/5071\/revisions"}],"predecessor-version":[{"id":5077,"href":"http:\/\/vara-bjertorpgk.se\/index.php?rest_route=\/wp\/v2\/posts\/5071\/revisions\/5077"}],"wp:attachment":[{"href":"http:\/\/vara-bjertorpgk.se\/index.php?rest_route=%2Fwp%2Fv2%2Fmedia&parent=5071"}],"wp:term":[{"taxonomy":"category","embeddable":true,"href":"http:\/\/vara-bjertorpgk.se\/index.php?rest_route=%2Fwp%2Fv2%2Fcategories&post=5071"},{"taxonomy":"post_tag","embeddable":true,"href":"http:\/\/vara-bjertorpgk.se\/index.php?rest_route=%2Fwp%2Fv2%2Ftags&post=5071"}],"curies":[{"name":"wp","href":"https:\/\/api.w.org\/{rel}","templated":true}]}}