{"id":4449,"date":"2023-02-23T08:09:59","date_gmt":"2023-02-23T07:09:59","guid":{"rendered":"http:\/\/vara-bjertorpgk.se\/?p=4449"},"modified":"2023-02-23T08:21:55","modified_gmt":"2023-02-23T07:21:55","slug":"kommittetraff","status":"publish","type":"post","link":"http:\/\/vara-bjertorpgk.se\/?p=4449","title":{"rendered":"Kommitt\u00e9tr\u00e4ff"},"content":{"rendered":"\t\t<div data-elementor-type=\"wp-post\" data-elementor-id=\"4449\" class=\"elementor elementor-4449\">\n\t\t\t\t\t\t<section class=\"elementor-section elementor-top-section elementor-element elementor-element-1feee85 elementor-section-boxed elementor-section-height-default elementor-section-height-default\" data-id=\"1feee85\" data-element_type=\"section\">\n\t\t\t\t\t\t<div class=\"elementor-container elementor-column-gap-default\">\n\t\t\t\t\t<div class=\"elementor-column elementor-col-100 elementor-top-column elementor-element elementor-element-2a3ec14\" data-id=\"2a3ec14\" data-element_type=\"column\">\n\t\t\t<div class=\"elementor-widget-wrap elementor-element-populated\">\n\t\t\t\t\t\t<div class=\"elementor-element elementor-element-f13d4ce elementor-widget elementor-widget-text-editor\" data-id=\"f13d4ce\" data-element_type=\"widget\" data-widget_type=\"text-editor.default\">\n\t\t\t\t<div class=\"elementor-widget-container\">\n\t\t\t<style>\/*! elementor - v3.21.0 - 30-04-2024 *\/\n.elementor-widget-text-editor.elementor-drop-cap-view-stacked .elementor-drop-cap{background-color:#69727d;color:#fff}.elementor-widget-text-editor.elementor-drop-cap-view-framed .elementor-drop-cap{color:#69727d;border:3px solid;background-color:transparent}.elementor-widget-text-editor:not(.elementor-drop-cap-view-default) .elementor-drop-cap{margin-top:8px}.elementor-widget-text-editor:not(.elementor-drop-cap-view-default) .elementor-drop-cap-letter{width:1em;height:1em}.elementor-widget-text-editor .elementor-drop-cap{float:left;text-align:center;line-height:1;font-size:50px}.elementor-widget-text-editor .elementor-drop-cap-letter{display:inline-block}<\/style>\t\t\t\t<p>Onsdagen den 22 feb hade v\u00e5r styrelse bjudit in alla klubbens kommitt\u00e9er till en tr\u00e4ff som h\u00f6lls p\u00e5 Swegon i Kv\u00e4num. Alla kommitt\u00e9er var representerade och vi var ca 35 personer.<\/p>\n<p>Kv\u00e4llen inleddes med att v\u00e5r kass\u00f6r Lars Egonson h\u00e4lsade v\u00e4lkommen f\u00f6r att sedan l\u00e4mna \u00f6ver till v\u00e5r ordf\u00f6rande Per-Olof Jakobsson. P-O ber\u00e4ttade vad styrelsen kommer att arbeta med under \u00e5ret och efter det var det dags f\u00f6r v\u00e5ra kommitt\u00e9er att g\u00f6ra det samma.&nbsp;<\/p>\n<p>Lars ber\u00e4ttade om f\u00f6retaget Swegon d\u00e4r vi \u00e4ven fick en rundvandring i fabriken.<\/p>\n<p>En mycket trevlig och intressant kv\u00e4ll som avslutades med en l\u00e4ttare f\u00f6rt\u00e4ring best\u00e5ende av en mycket god sm\u00f6rg\u00e5st\u00e5rta.<\/p>\n<p>Klubben vill skicka ett STOTR TACK till alla er som \u00e4r med och arbetar ideellt \u00e5t klubben. Er insatts \u00e4r ov\u00e4rderlig och v\u00e4ldig viktig f\u00f6r klubben.<\/p>\n<p>Nu ser vi framemot att s\u00e4songen ska dra ig\u00e5ng s\u00e5 vi f\u00e5r s\u00e4tta ig\u00e5ng med allt som \u00e4r planerat.<\/p>\n<p><\/p>\t\t\t\t\t\t<\/div>\n\t\t\t\t<\/div>\n\t\t\t\t\t<\/div>\n\t\t<\/div>\n\t\t\t\t\t<\/div>\n\t\t<\/section>\n\t\t\t\t<section class=\"elementor-section elementor-top-section elementor-element elementor-element-2d43e67 elementor-section-boxed elementor-section-height-default elementor-section-height-default\" data-id=\"2d43e67\" data-element_type=\"section\">\n\t\t\t\t\t\t<div class=\"elementor-container elementor-column-gap-default\">\n\t\t\t\t\t<div class=\"elementor-column elementor-col-33 elementor-top-column elementor-element elementor-element-1c47138\" data-id=\"1c47138\" data-element_type=\"column\">\n\t\t\t<div class=\"elementor-widget-wrap elementor-element-populated\">\n\t\t\t\t\t\t<div class=\"elementor-element elementor-element-705468a elementor-widget elementor-widget-image\" data-id=\"705468a\" data-element_type=\"widget\" data-widget_type=\"image.default\">\n\t\t\t\t<div class=\"elementor-widget-container\">\n\t\t\t<style>\/*! elementor - v3.21.0 - 30-04-2024 *\/\n.elementor-widget-image{text-align:center}.elementor-widget-image a{display:inline-block}.elementor-widget-image a img[src$=\".svg\"]{width:48px}.elementor-widget-image img{vertical-align:middle;display:inline-block}<\/style>\t\t\t\t\t\t\t\t\t\t<img fetchpriority=\"high\" decoding=\"async\" width=\"768\" height=\"1024\" src=\"http:\/\/vara-bjertorpgk.se\/wp-content\/uploads\/2023\/02\/IMG_1289-768x1024.jpg\" class=\"attachment-large size-large wp-image-4451\" alt=\"\" srcset=\"http:\/\/vara-bjertorpgk.se\/wp-content\/uploads\/2023\/02\/IMG_1289-768x1024.jpg 768w, http:\/\/vara-bjertorpgk.se\/wp-content\/uploads\/2023\/02\/IMG_1289-225x300.jpg 225w, http:\/\/vara-bjertorpgk.se\/wp-content\/uploads\/2023\/02\/IMG_1289-1152x1536.jpg 1152w, http:\/\/vara-bjertorpgk.se\/wp-content\/uploads\/2023\/02\/IMG_1289-1536x2048.jpg 1536w, http:\/\/vara-bjertorpgk.se\/wp-content\/uploads\/2023\/02\/IMG_1289-scaled.jpg 1920w\" sizes=\"(max-width: 768px) 100vw, 768px\" \/>\t\t\t\t\t\t\t\t\t\t\t\t\t<\/div>\n\t\t\t\t<\/div>\n\t\t\t\t\t<\/div>\n\t\t<\/div>\n\t\t\t\t<div class=\"elementor-column elementor-col-33 elementor-top-column elementor-element elementor-element-2ba2903\" data-id=\"2ba2903\" data-element_type=\"column\">\n\t\t\t<div class=\"elementor-widget-wrap elementor-element-populated\">\n\t\t\t\t\t\t<div class=\"elementor-element elementor-element-d1cbba3 elementor-widget elementor-widget-image\" data-id=\"d1cbba3\" data-element_type=\"widget\" data-widget_type=\"image.default\">\n\t\t\t\t<div class=\"elementor-widget-container\">\n\t\t\t\t\t\t\t\t\t\t\t\t\t<img decoding=\"async\" width=\"768\" height=\"1024\" src=\"http:\/\/vara-bjertorpgk.se\/wp-content\/uploads\/2023\/02\/IMG_1294-768x1024.jpg\" class=\"attachment-large size-large wp-image-4452\" alt=\"\" srcset=\"http:\/\/vara-bjertorpgk.se\/wp-content\/uploads\/2023\/02\/IMG_1294-768x1024.jpg 768w, http:\/\/vara-bjertorpgk.se\/wp-content\/uploads\/2023\/02\/IMG_1294-225x300.jpg 225w, http:\/\/vara-bjertorpgk.se\/wp-content\/uploads\/2023\/02\/IMG_1294-1152x1536.jpg 1152w, http:\/\/vara-bjertorpgk.se\/wp-content\/uploads\/2023\/02\/IMG_1294-1536x2048.jpg 1536w, http:\/\/vara-bjertorpgk.se\/wp-content\/uploads\/2023\/02\/IMG_1294-scaled.jpg 1920w\" sizes=\"(max-width: 768px) 100vw, 768px\" \/>\t\t\t\t\t\t\t\t\t\t\t\t\t<\/div>\n\t\t\t\t<\/div>\n\t\t\t\t\t<\/div>\n\t\t<\/div>\n\t\t\t\t<div class=\"elementor-column elementor-col-33 elementor-top-column elementor-element elementor-element-80e2736\" data-id=\"80e2736\" data-element_type=\"column\">\n\t\t\t<div class=\"elementor-widget-wrap elementor-element-populated\">\n\t\t\t\t\t\t<div class=\"elementor-element elementor-element-6f5165f elementor-widget elementor-widget-image\" data-id=\"6f5165f\" data-element_type=\"widget\" data-widget_type=\"image.default\">\n\t\t\t\t<div class=\"elementor-widget-container\">\n\t\t\t\t\t\t\t\t\t\t\t\t\t<img decoding=\"async\" width=\"768\" height=\"1024\" src=\"http:\/\/vara-bjertorpgk.se\/wp-content\/uploads\/2023\/02\/IMG_1297-768x1024.jpg\" class=\"attachment-large size-large wp-image-4453\" alt=\"\" srcset=\"http:\/\/vara-bjertorpgk.se\/wp-content\/uploads\/2023\/02\/IMG_1297-768x1024.jpg 768w, http:\/\/vara-bjertorpgk.se\/wp-content\/uploads\/2023\/02\/IMG_1297-225x300.jpg 225w, http:\/\/vara-bjertorpgk.se\/wp-content\/uploads\/2023\/02\/IMG_1297-1152x1536.jpg 1152w, http:\/\/vara-bjertorpgk.se\/wp-content\/uploads\/2023\/02\/IMG_1297-1536x2048.jpg 1536w, http:\/\/vara-bjertorpgk.se\/wp-content\/uploads\/2023\/02\/IMG_1297-scaled.jpg 1920w\" sizes=\"(max-width: 768px) 100vw, 768px\" \/>\t\t\t\t\t\t\t\t\t\t\t\t\t<\/div>\n\t\t\t\t<\/div>\n\t\t\t\t\t<\/div>\n\t\t<\/div>\n\t\t\t\t\t<\/div>\n\t\t<\/section>\n\t\t\t\t<\/div>\n\t\t","protected":false},"excerpt":{"rendered":"<p>Onsdagen den 22 feb hade v\u00e5r styrelse bjudit in alla klubbens kommitt\u00e9er till en tr\u00e4ff som h\u00f6lls p\u00e5 Swegon i Kv\u00e4num. Alla kommitt\u00e9er var representerade och vi var ca 35 personer. Kv\u00e4llen inleddes med att v\u00e5r kass\u00f6r Lars Egonson h\u00e4lsade v\u00e4lkommen f\u00f6r att sedan l\u00e4mna \u00f6ver till v\u00e5r ordf\u00f6rande Per-Olof Jakobsson. P-O ber\u00e4ttade vad styrelsen &hellip;<\/p>\n<p class=\"read-more\"> <a class=\"\" href=\"http:\/\/vara-bjertorpgk.se\/?p=4449\"> <span class=\"screen-reader-text\">Kommitt\u00e9tr\u00e4ff<\/span> L\u00e4s mer &raquo;<\/a><\/p>\n","protected":false},"author":1,"featured_media":0,"comment_status":"closed","ping_status":"open","sticky":false,"template":"","format":"standard","meta":{"site-sidebar-layout":"default","site-content-layout":"default","ast-main-header-display":"","ast-hfb-above-header-display":"","ast-hfb-below-header-display":"","ast-hfb-mobile-header-display":"","site-post-title":"","ast-breadcrumbs-content":"","ast-featured-img":"","footer-sml-layout":"","theme-transparent-header-meta":"","adv-header-id-meta":"","stick-header-meta":"","header-above-stick-meta":"","header-main-stick-meta":"","header-below-stick-meta":"","footnotes":""},"categories":[10],"tags":[],"class_list":["post-4449","post","type-post","status-publish","format-standard","hentry","category-aktuellt"],"_links":{"self":[{"href":"http:\/\/vara-bjertorpgk.se\/index.php?rest_route=\/wp\/v2\/posts\/4449","targetHints":{"allow":["GET"]}}],"collection":[{"href":"http:\/\/vara-bjertorpgk.se\/index.php?rest_route=\/wp\/v2\/posts"}],"about":[{"href":"http:\/\/vara-bjertorpgk.se\/index.php?rest_route=\/wp\/v2\/types\/post"}],"author":[{"embeddable":true,"href":"http:\/\/vara-bjertorpgk.se\/index.php?rest_route=\/wp\/v2\/users\/1"}],"replies":[{"embeddable":true,"href":"http:\/\/vara-bjertorpgk.se\/index.php?rest_route=%2Fwp%2Fv2%2Fcomments&post=4449"}],"version-history":[{"count":4,"href":"http:\/\/vara-bjertorpgk.se\/index.php?rest_route=\/wp\/v2\/posts\/4449\/revisions"}],"predecessor-version":[{"id":4456,"href":"http:\/\/vara-bjertorpgk.se\/index.php?rest_route=\/wp\/v2\/posts\/4449\/revisions\/4456"}],"wp:attachment":[{"href":"http:\/\/vara-bjertorpgk.se\/index.php?rest_route=%2Fwp%2Fv2%2Fmedia&parent=4449"}],"wp:term":[{"taxonomy":"category","embeddable":true,"href":"http:\/\/vara-bjertorpgk.se\/index.php?rest_route=%2Fwp%2Fv2%2Fcategories&post=4449"},{"taxonomy":"post_tag","embeddable":true,"href":"http:\/\/vara-bjertorpgk.se\/index.php?rest_route=%2Fwp%2Fv2%2Ftags&post=4449"}],"curies":[{"name":"wp","href":"https:\/\/api.w.org\/{rel}","templated":true}]}}